[{"@context":"https:\/\/schema.org\/","@type":"Article","@id":"https:\/\/www.harcov.cz\/zarivka-jako-moderni-osvetlovaci-zdroj\/#Article","mainEntityOfPage":"https:\/\/www.harcov.cz\/zarivka-jako-moderni-osvetlovaci-zdroj\/","headline":"Z\u00e1\u0159ivka jako modern\u00ed osv\u011btlovac\u00ed zdroj","name":"Z\u00e1\u0159ivka jako modern\u00ed osv\u011btlovac\u00ed zdroj","description":"Co je\u0161t\u011b ne\/v\u00edme o tradi\u010dn\u00edch z\u00e1\u0159ivk\u00e1ch? Z\u00e1\u0159ivky pot\u0159ebuj\u00ed start\u00e9r a tlumivku; tlumivka spot\u0159ebuje tak\u00e9 proud a to se mus\u00ed p\u0159ipo\u010d\u00edtat ke spot\u0159eb\u011b z\u00e1\u0159ivky. Je ale i p\u0159esto velmi \u00fasporn\u00e1. Z\u00e1\u0159ivka toti\u017e sv\u00edt\u00ed v\u00fdbojem elektrick\u00e9ho proudu ve z\u0159ed\u011bn\u00fdch p\u00e1r\u00e1ch rtuti a vyd\u00e1v\u00e1 trochu modrozelen\u00e9ho sv\u011btla. Z\u00e1\u0159ivky se vyr\u00e1b\u011bj\u00ed ve t\u0159ech barv\u00e1ch. Je to z\u00e1\u0159ivka denn\u00ed, kter\u00e1  ...","datePublished":"2025-02-27","dateModified":"2023-05-05","author":{"@type":"Person","@id":"https:\/\/www.harcov.cz\/author\/#Person","name":"harcov.cz\n","url":"https:\/\/www.harcov.cz\/author\/","identifier":1,"image":{"@type":"ImageObject","@id":"https:\/\/secure.gravatar.com\/avatar\/64d58fab86512053c8bb518a6563e7284bb4a3422dc9af0106c3f39575364c7b?s=96&d=mm&r=g","url":"https:\/\/secure.gravatar.com\/avatar\/64d58fab86512053c8bb518a6563e7284bb4a3422dc9af0106c3f39575364c7b?s=96&d=mm&r=g","height":96,"width":96}},"publisher":{"@type":"Organization","name":"harcov.cz","logo":{"@type":"ImageObject","@id":"\/logo.png","url":"\/logo.png","width":600,"height":60}},"image":{"@type":"ImageObject","@id":"https:\/\/www.harcov.cz\/wp-content\/uploads\/img_a299299_w2223_t1509373450.jpg","url":"https:\/\/www.harcov.cz\/wp-content\/uploads\/img_a299299_w2223_t1509373450.jpg","height":0,"width":0},"url":"https:\/\/www.harcov.cz\/zarivka-jako-moderni-osvetlovaci-zdroj\/","about":["Zbo\u017e\u00ed"],"wordCount":427,"articleBody":"Co je\u0161t\u011b ne\/v\u00edme o tradi\u010dn\u00edch z\u00e1\u0159ivk\u00e1ch? Z\u00e1\u0159ivky pot\u0159ebuj\u00ed start\u00e9r a tlumivku; tlumivka spot\u0159ebuje tak\u00e9 proud a to se mus\u00ed p\u0159ipo\u010d\u00edtat ke spot\u0159eb\u011b z\u00e1\u0159ivky. Je ale i p\u0159esto velmi \u00fasporn\u00e1. Z\u00e1\u0159ivka  toti\u017e sv\u00edt\u00ed v\u00fdbojem elektrick\u00e9ho proudu ve z\u0159ed\u011bn\u00fdch p\u00e1r\u00e1ch rtuti a vyd\u00e1v\u00e1 trochu modrozelen\u00e9ho sv\u011btla. Z\u00e1\u0159ivky se vyr\u00e1b\u011bj\u00ed ve t\u0159ech barv\u00e1ch. Je to z\u00e1\u0159ivka denn\u00ed, kter\u00e1 m\u00e1 sv\u011btilo jako severn\u00ed obloha, tzn., \u017ee m\u00e1 hodn\u011b modr\u00fdch paprsk\u016f. Z\u00e1\u0159ivka b\u00edl\u00e1, m\u00e1 sv\u011btlo v barv\u011b asi jako slune\u010dn\u00ed sv\u011btlo okolo poledne. Na konec je to z\u00e1\u0159ivka r\u016f\u017eov\u00e1, jej\u00ed\u017e sv\u011btlo se bl\u00ed\u017e\u00ed sv\u011btlu \u017e\u00e1rovkov\u00e9mu a d\u00e1 se s n\u00edm tak\u00e9 kombinovat. Nejv\u011bt\u0161\u00ed a nej\u010dast\u011bj\u0161\u00ed chyba p\u0159i instalaci z\u00e1\u0159ivek je ta, \u017ee se \u017e\u00e1rovka nahrad\u00ed z\u00e1\u0159ivkou v domn\u011bn\u00ed, \u017ee to \u00fapln\u011b sta\u010d\u00ed a uspo\u0159\u00edme na proudu. To je omyl. Denn\u00ed z\u00e1\u0159ivky mus\u00ed m\u00edt sv\u011btlo vysok\u00e9 intenzity, aby n\u00e1s neunavovalo, nep\u016fsobilo t\u00edsniv\u011b chladn\u011b, aby vyvol\u00e1valo dobrou n\u00e1ladu a povzbuzovalo v pr\u00e1ci. Osv\u011btlen\u00ed se m\u011b\u0159\u00ed na luxy. Mimoto sv\u011btlo denn\u00ed z\u00e1\u0159ivky nep\u016fsob\u00ed p\u0159\u00edzniv\u011b na barvy j\u00eddla, \u0161at\u016f ani pleti. Denn\u00ed z\u00e1\u0159ivky do bytu v\u016fbec nepat\u0159\u00ed. Osv\u011btlen\u00ed b\u00edlou z\u00e1\u0159ivkou dovoluje ji\u017e ni\u017e\u0161\u00ed intenzitu osv\u011btlen\u00ed, a z\u00e1\u0159ivkou r\u016f\u017eovou je\u0161t\u011b men\u0161\u00ed. R\u016f\u017eov\u00e1 z\u00e1\u0159ivka m\u00e1 sv\u011btlo p\u0159\u00edjemn\u00e9 a lze je kombinovat se sv\u011btlem \u017e\u00e1rovky, co\u017e u denn\u00ed nelze. Z\u00e1\u0159ivka m\u00e1 proti \u017e\u00e1rovce velmi mal\u00fd jas, mnohem men\u0161\u00ed ne\u017e \u017e\u00e1rovka op\u00e1lov\u00e1. Ale i p\u0159esto je nutno v mnoha p\u0159\u00edpadech ukr\u00fdt ji ve st\u00ednidle, aby se vyhov\u011blo po\u017eadavk\u016fm hygieny zraku. Jas se sn\u00ed\u017e\u00ed bu\u010f clonkami, nebo matov\u00fdm sklem. P\u0159i odpo\u010dinku je lidsk\u00e9mu oku p\u0159\u00edjemn\u011bj\u0161\u00ed sv\u011btlo za\u017eloutl\u00e9 a sta\u010d\u00ed ni\u017e\u0161\u00ed intenzita osv\u011btlen\u00ed. Pro pr\u00e1ci, \u010dten\u00ed, psan\u00ed, mus\u00ed b\u00fdt intenzita vysok\u00e1 (od 100 do 600 lux\u016f).Zm\u011bny v osv\u011btlov\u00e1n\u00ed Jak uk\u00e1zaly v\u00fdstavy bydlen\u00ed, je rozm\u00edst\u011bn\u00ed n\u00e1bytku v\u00e1z\u00e1no na rozm\u011bry byt\u016f i novou funkci bytu. M\u011bn\u00ed se i zp\u016fsob stavby a samoz\u0159ejm\u011b i zp\u016fsob rozvodu elekt\u0159iny. Tyto v\u0161echny okolnosti maj\u00ed podstatn\u011b velk\u00fd vliv na osv\u011btlov\u00e1n\u00ed a na sv\u00edtidla sama.                                                                                                                                                                                                                                                                                                                                                                                        4.1\/5 - (11 votes)        "},{"@context":"https:\/\/schema.org\/","@type":"BreadcrumbList","itemListElement":[{"@type":"ListItem","position":1,"name":"Z\u00e1\u0159ivka jako modern\u00ed osv\u011btlovac\u00ed zdroj","item":"https:\/\/www.harcov.cz\/zarivka-jako-moderni-osvetlovaci-zdroj\/#breadcrumbitem"}]}]