[{"@context":"https:\/\/schema.org\/","@type":"Article","@id":"https:\/\/www.harcov.cz\/udelejte-radost-svatebnim-oznamenim\/#Article","mainEntityOfPage":"https:\/\/www.harcov.cz\/udelejte-radost-svatebnim-oznamenim\/","headline":"Ud\u011blejte radost svatebn\u00edm ozn\u00e1men\u00edm","name":"Ud\u011blejte radost svatebn\u00edm ozn\u00e1men\u00edm","description":"U\u017e jste \u0159ekli sv\u00fdm rodi\u010d\u016fm, \u017ee se budete vd\u00e1vat a \u017eenit? Nechcete obej\u00edt ani va\u0161e p\u0159\u00e1tele a m\u00e1te tolik lid\u00ed, kter\u00e9 na tu velkou sl\u00e1vu chcete pozvat? V tom p\u0159\u00edpad\u011b by byl h\u0159\u00edch zapomenout na tak n\u00e1dhernou zvyklost a neposlat origin\u00e1ln\u00ed zpr\u00e1vu na n\u00e1dhern\u00e9m podkladu a je\u0161t\u011b zlat\u00fdm p\u00edsmem napsan\u00e9. P\u0159itom m\u00e1te mo\u017enost vybrat si  ...","datePublished":"2023-09-26","dateModified":"2023-09-26","author":{"@type":"Person","@id":"https:\/\/www.harcov.cz\/author\/#Person","name":"harcov.cz\n","url":"https:\/\/www.harcov.cz\/author\/","identifier":1,"image":{"@type":"ImageObject","@id":"https:\/\/secure.gravatar.com\/avatar\/64d58fab86512053c8bb518a6563e7284bb4a3422dc9af0106c3f39575364c7b?s=96&d=mm&r=g","url":"https:\/\/secure.gravatar.com\/avatar\/64d58fab86512053c8bb518a6563e7284bb4a3422dc9af0106c3f39575364c7b?s=96&d=mm&r=g","height":96,"width":96}},"publisher":{"@type":"Organization","name":"harcov.cz","logo":{"@type":"ImageObject","@id":"\/logo.png","url":"\/logo.png","width":600,"height":60}},"url":"https:\/\/www.harcov.cz\/udelejte-radost-svatebnim-oznamenim\/","wordCount":249,"articleBody":"U\u017e jste \u0159ekli sv\u00fdm rodi\u010d\u016fm, \u017ee se budete vd\u00e1vat a \u017eenit? Nechcete obej\u00edt ani va\u0161e p\u0159\u00e1tele a m\u00e1te tolik lid\u00ed, kter\u00e9 na tu velkou sl\u00e1vu chcete pozvat? V tom p\u0159\u00edpad\u011b by byl h\u0159\u00edch zapomenout na tak n\u00e1dhernou zvyklost a neposlat origin\u00e1ln\u00ed zpr\u00e1vu na n\u00e1dhern\u00e9m podkladu a je\u0161t\u011b zlat\u00fdm p\u00edsmem napsan\u00e9. P\u0159itom m\u00e1te mo\u017enost vybrat si z tak n\u00e1dhern\u00fdch variant a vytvo\u0159it tolik kombinac\u00ed, \u017ee si to budete v\u0161e opravdu u\u017e\u00edvat. Mo\u017en\u00e1 se v\u00e1m zal\u00edb\u00ed verze s krajkou, \u010di velkou ma\u0161l\u00ed, mo\u017en\u00e1 budete cht\u00edt na podklad vlastn\u00ed spole\u010dnou fotografii. Ale ve v\u0161em bude v\u00e1\u0161 p\u0159\u00edb\u011bh a va\u0161e spole\u010dn\u00e9 my.\tVelk\u00fd za\u010d\u00e1tek spole\u010dn\u00e9ho \u017eivotaSvatebn\u00edm ozn\u00e1men\u00edm vlastn\u011b d\u00e1v\u00e1te na v\u011bdom\u00ed, \u017ee kon\u010d\u00ed jedna etapa va\u0161eho \u017eivota a chyst\u00e1te se na dal\u0161\u00ed, spole\u010dnou. Pro\u010d byste se nemohli pochlubit sv\u00fdmi pl\u00e1ny, kdy\u017e je to tak radostn\u00e1 ud\u00e1lost? Nav\u00edc tak n\u00e1dhernou formou, kterou obdr\u017e\u00ed ka\u017ed\u00fd z va\u0161ich nejlep\u0161\u00edch p\u0159\u00e1tel a p\u0159\u00edbuzn\u00fdch. Je skv\u011bl\u00e9, \u017ee tradice se po\u0159\u00e1d je\u0161t\u011b u n\u00e1s dr\u017e\u00ed a m\u00e1te mo\u017enost za\u010d\u00edt v\u00e1\u0161 spole\u010dn\u00fd \u017eivot, tak velkolep\u00fdm zp\u016fsobem. U\u017eijte si v\u0161e tak, jak jste si vysnili.                                                                                                                                                                                                                                                                                                                                                                                        4.2\/5 - (13 votes)        "},{"@context":"https:\/\/schema.org\/","@type":"BreadcrumbList","itemListElement":[{"@type":"ListItem","position":1,"name":"Ud\u011blejte radost svatebn\u00edm ozn\u00e1men\u00edm","item":"https:\/\/www.harcov.cz\/udelejte-radost-svatebnim-oznamenim\/#breadcrumbitem"}]}]