[{"@context":"https:\/\/schema.org\/","@type":"Article","@id":"https:\/\/www.harcov.cz\/protislunecni-folie-na-okna\/#Article","mainEntityOfPage":"https:\/\/www.harcov.cz\/protislunecni-folie-na-okna\/","headline":"Protislune\u010dn\u00ed f\u00f3lie na okna","name":"Protislune\u010dn\u00ed f\u00f3lie na okna","description":"\u00b4 Protislune\u010dn\u00ed f\u00f3lie na okna Protislune\u010dn\u00ed f\u00f3lie na okna mohou b\u00fdt interi\u00e9rov\u00e9 nebo exteri\u00e9rov\u00e9. Exteri\u00e9rov\u00e9 folie se instaluj\u00ed za p\u0159\u00edzniv\u00e9ho po\u010das\u00ed, u interi\u00e9rov\u00fdch na moment\u00e1ln\u00edm po\u010das\u00ed nez\u00e1le\u017e\u00ed a instaluj\u00ed se v ka\u017ed\u00e9m ro\u010dn\u00edm obdob\u00ed. Rozd\u00edl je hlavn\u011b v jejich ur\u010den\u00ed a um\u00edst\u011bn\u00ed. Venkovn\u00ed f\u00f3lie na okna se toti\u017e instaluj\u00ed na izola\u010dn\u00ed dvojskla nebo izola\u010dn\u00ed trojskla.  ...","datePublished":"2024-03-28","dateModified":"2024-03-28","author":{"@type":"Person","@id":"https:\/\/www.harcov.cz\/author\/#Person","name":"harcov.cz\n","url":"https:\/\/www.harcov.cz\/author\/","identifier":1,"image":{"@type":"ImageObject","@id":"https:\/\/secure.gravatar.com\/avatar\/64d58fab86512053c8bb518a6563e7284bb4a3422dc9af0106c3f39575364c7b?s=96&d=mm&r=g","url":"https:\/\/secure.gravatar.com\/avatar\/64d58fab86512053c8bb518a6563e7284bb4a3422dc9af0106c3f39575364c7b?s=96&d=mm&r=g","height":96,"width":96}},"publisher":{"@type":"Organization","name":"harcov.cz","logo":{"@type":"ImageObject","@id":"\/logo.png","url":"\/logo.png","width":600,"height":60}},"url":"https:\/\/www.harcov.cz\/protislunecni-folie-na-okna\/","wordCount":232,"articleBody":"\t\u00b4\tProtislune\u010dn\u00ed f\u00f3lie na okna\tProtislune\u010dn\u00ed f\u00f3lie na okna mohou b\u00fdt interi\u00e9rov\u00e9 nebo exteri\u00e9rov\u00e9. Exteri\u00e9rov\u00e9 folie se instaluj\u00ed za p\u0159\u00edzniv\u00e9ho po\u010das\u00ed, u interi\u00e9rov\u00fdch na moment\u00e1ln\u00edm po\u010das\u00ed nez\u00e1le\u017e\u00ed a instaluj\u00ed se v ka\u017ed\u00e9m ro\u010dn\u00edm obdob\u00ed. Rozd\u00edl je hlavn\u011b v jejich ur\u010den\u00ed a um\u00edst\u011bn\u00ed. Venkovn\u00ed f\u00f3lie na okna se toti\u017e instaluj\u00ed na izola\u010dn\u00ed dvojskla nebo izola\u010dn\u00ed trojskla. Vnit\u0159n\u00ed folie se instaluj\u00ed na jak\u00e1koliv skla. Pokud jde ale o dvojskla \u010di trojskla, je nutno zvolit v\u00fdrobky s ni\u017e\u0161\u00ed absorpc\u00ed tepeln\u00e9 energie, ne\u017e u skel jednoduch\u00fdch.\tZv\u00fd\u0161en\u00ed komfortu v interi\u00e9ru\tHlavn\u00edm p\u0159\u00ednosem okenn\u00edch protislune\u010dn\u00edch foli\u00ed je zv\u00fd\u0161en\u00ed komfortu interi\u00e9ru v\u010detn\u011b j\u00edzdn\u00edch vlastnost\u00ed a podm\u00ednek. Hlavn\u00ed funkc\u00ed, kterou maj\u00ed protislune\u010dn\u00ed f\u00f3lie na okna je zamezen\u00ed pr\u016fniku slune\u010dn\u00edch paprsk\u016f a tepla do interi\u00e9ru. T\u00edm se zamez\u00ed p\u0159eh\u0159\u00edv\u00e1n\u00ed, blednut\u00ed barev v interi\u00e9ru, pr\u016fhledu sm\u011brem dovnit\u0159, p\u0159i\u010dem\u017e se zachov\u00e1 optim\u00e1ln\u00ed pr\u016fhlednost sm\u011brem ven. Nav\u00edc tyto folie br\u00e1n\u00ed \u00fa\u010dinn\u011b p\u0159ed po\u0159ez\u00e1n\u00edm osob a rozt\u0159\u00ed\u0161t\u011bn\u00edm skla p\u0159i jeho rozbit\u00ed, podobn\u011b jako je tomu u bezpe\u010dnostn\u00edch autofoli\u00ed.                                                                                                                                                                                                                                                                                                                                                                                         4.9\/5 - (9 votes)        "},{"@context":"https:\/\/schema.org\/","@type":"BreadcrumbList","itemListElement":[{"@type":"ListItem","position":1,"name":"Protislune\u010dn\u00ed f\u00f3lie na okna","item":"https:\/\/www.harcov.cz\/protislunecni-folie-na-okna\/#breadcrumbitem"}]}]