{"@context":"https:\/\/schema.org\/","@type":"CollectionPage","@id":"https:\/\/www.harcov.cz\/penize\/#CollectionPage","headline":"Pen\u00edze Category","description":"","url":"https:\/\/www.harcov.cz\/penize\/","hasPart":[{"@type":"Article","@id":"https:\/\/www.harcov.cz\/penize-nejsou-vsechno\/","headline":"Pen\u00edze nejsou v\u0161echno\u2026","url":"https:\/\/www.harcov.cz\/penize-nejsou-vsechno\/","datePublished":"2025-03-01","dateModified":"2023-05-05","mainEntityOfPage":"https:\/\/www.harcov.cz\/penize-nejsou-vsechno\/","author":{"@type":"Person","@id":"https:\/\/www.harcov.cz\/author\/#Person","name":"harcov.cz\n","url":"https:\/\/www.harcov.cz\/author\/","identifier":1,"image":{"@type":"ImageObject","@id":"https:\/\/secure.gravatar.com\/avatar\/64d58fab86512053c8bb518a6563e7284bb4a3422dc9af0106c3f39575364c7b?s=96&d=mm&r=g","url":"https:\/\/secure.gravatar.com\/avatar\/64d58fab86512053c8bb518a6563e7284bb4a3422dc9af0106c3f39575364c7b?s=96&d=mm&r=g","height":96,"width":96}},"publisher":{"@type":"Organization","name":"harcov.cz","logo":{"@type":"ImageObject","@id":"\/logo.png","url":"\/logo.png","width":600,"height":60}},"image":{"@type":"ImageObject","@id":"https:\/\/www.harcov.cz\/wp-content\/uploads\/img_a291553_w2223_t1504075844.jpg","url":"https:\/\/www.harcov.cz\/wp-content\/uploads\/img_a291553_w2223_t1504075844.jpg","height":0,"width":0},"keywords":null},{"@type":"Article","@id":"https:\/\/www.harcov.cz\/jeden-nebo-dva\/","headline":"Jeden nebo dva","url":"https:\/\/www.harcov.cz\/jeden-nebo-dva\/","datePublished":"2025-02-26","dateModified":"2023-05-05","mainEntityOfPage":"https:\/\/www.harcov.cz\/jeden-nebo-dva\/","author":{"@type":"Person","@id":"https:\/\/www.harcov.cz\/author\/#Person","name":"harcov.cz\n","url":"https:\/\/www.harcov.cz\/author\/","identifier":1,"image":{"@type":"ImageObject","@id":"https:\/\/secure.gravatar.com\/avatar\/64d58fab86512053c8bb518a6563e7284bb4a3422dc9af0106c3f39575364c7b?s=96&d=mm&r=g","url":"https:\/\/secure.gravatar.com\/avatar\/64d58fab86512053c8bb518a6563e7284bb4a3422dc9af0106c3f39575364c7b?s=96&d=mm&r=g","height":96,"width":96}},"publisher":{"@type":"Organization","name":"harcov.cz","logo":{"@type":"ImageObject","@id":"\/logo.png","url":"\/logo.png","width":600,"height":60}},"image":{"@type":"ImageObject","@id":"https:\/\/www.harcov.cz\/wp-content\/uploads\/img_a318812_w2223_t1529658904.jpg","url":"https:\/\/www.harcov.cz\/wp-content\/uploads\/img_a318812_w2223_t1529658904.jpg","height":0,"width":0},"keywords":null},{"@type":"Article","@id":"https:\/\/www.harcov.cz\/hypoteka-bez-registru-muze-byt-reseni-pro-vase-bydleni\/","headline":"Hypot\u00e9ka bez registru m\u016f\u017ee b\u00fdt \u0159e\u0161en\u00ed pro Va\u0161e bydlen\u00ed","url":"https:\/\/www.harcov.cz\/hypoteka-bez-registru-muze-byt-reseni-pro-vase-bydleni\/","datePublished":"2024-04-17","dateModified":"2024-04-17","mainEntityOfPage":"https:\/\/www.harcov.cz\/hypoteka-bez-registru-muze-byt-reseni-pro-vase-bydleni\/","author":{"@type":"Person","@id":"https:\/\/www.harcov.cz\/author\/#Person","name":"harcov.cz\n","url":"https:\/\/www.harcov.cz\/author\/","identifier":1,"image":{"@type":"ImageObject","@id":"https:\/\/secure.gravatar.com\/avatar\/64d58fab86512053c8bb518a6563e7284bb4a3422dc9af0106c3f39575364c7b?s=96&d=mm&r=g","url":"https:\/\/secure.gravatar.com\/avatar\/64d58fab86512053c8bb518a6563e7284bb4a3422dc9af0106c3f39575364c7b?s=96&d=mm&r=g","height":96,"width":96}},"publisher":{"@type":"Organization","name":"harcov.cz","logo":{"@type":"ImageObject","@id":"\/logo.png","url":"\/logo.png","width":600,"height":60}},"image":{"@type":"ImageObject","@id":"https:\/\/www.harcov.cz\/wp-content\/uploads\/house-2368389_1280.jpg","url":"https:\/\/www.harcov.cz\/wp-content\/uploads\/house-2368389_1280.jpg","height":0,"width":0},"keywords":null},{"@type":"Article","@id":"https:\/\/www.harcov.cz\/podnikatele-nekdy-potrebuji-pomoc\/","headline":"Podnikatel\u00e9 n\u011bkdy pot\u0159ebuj\u00ed pomoc","url":"https:\/\/www.harcov.cz\/podnikatele-nekdy-potrebuji-pomoc\/","datePublished":"2022-04-04","dateModified":"2023-05-05","mainEntityOfPage":"https:\/\/www.harcov.cz\/podnikatele-nekdy-potrebuji-pomoc\/","author":{"@type":"Person","@id":"https:\/\/www.harcov.cz\/author\/#Person","name":"harcov.cz\n","url":"https:\/\/www.harcov.cz\/author\/","identifier":1,"image":{"@type":"ImageObject","@id":"https:\/\/secure.gravatar.com\/avatar\/64d58fab86512053c8bb518a6563e7284bb4a3422dc9af0106c3f39575364c7b?s=96&d=mm&r=g","url":"https:\/\/secure.gravatar.com\/avatar\/64d58fab86512053c8bb518a6563e7284bb4a3422dc9af0106c3f39575364c7b?s=96&d=mm&r=g","height":96,"width":96}},"publisher":{"@type":"Organization","name":"harcov.cz","logo":{"@type":"ImageObject","@id":"\/logo.png","url":"\/logo.png","width":600,"height":60}},"image":{"@type":"ImageObject","@id":"https:\/\/www.harcov.cz\/wp-content\/uploads\/sb%C3%ADrka%20minc%C3%AD_1.jpg","url":"https:\/\/www.harcov.cz\/wp-content\/uploads\/sb%C3%ADrka%20minc%C3%AD_1.jpg","height":0,"width":0},"keywords":null},{"@type":"Article","@id":"https:\/\/www.harcov.cz\/jak-postupovat-pri-sjednani-uveru-na-bydleni\/","headline":"Jak postupovat p\u0159i sjedn\u00e1n\u00ed \u00fav\u011bru na bydlen\u00ed?","url":"https:\/\/www.harcov.cz\/jak-postupovat-pri-sjednani-uveru-na-bydleni\/","datePublished":"2020-09-20","dateModified":"2023-05-05","mainEntityOfPage":"https:\/\/www.harcov.cz\/jak-postupovat-pri-sjednani-uveru-na-bydleni\/","author":{"@type":"Person","@id":"https:\/\/www.harcov.cz\/author\/#Person","name":"harcov.cz\n","url":"https:\/\/www.harcov.cz\/author\/","identifier":1,"image":{"@type":"ImageObject","@id":"https:\/\/secure.gravatar.com\/avatar\/64d58fab86512053c8bb518a6563e7284bb4a3422dc9af0106c3f39575364c7b?s=96&d=mm&r=g","url":"https:\/\/secure.gravatar.com\/avatar\/64d58fab86512053c8bb518a6563e7284bb4a3422dc9af0106c3f39575364c7b?s=96&d=mm&r=g","height":96,"width":96}},"publisher":{"@type":"Organization","name":"harcov.cz","logo":{"@type":"ImageObject","@id":"\/logo.png","url":"\/logo.png","width":600,"height":60}},"image":{"@type":"ImageObject","@id":"https:\/\/www.harcov.cz\/wp-content\/uploads\/vlastn%C3%AD%20bydlen%C3%AD_4.jpg","url":"https:\/\/www.harcov.cz\/wp-content\/uploads\/vlastn%C3%AD%20bydlen%C3%AD_4.jpg","height":0,"width":0},"keywords":null},{"@type":"Article","@id":"https:\/\/www.harcov.cz\/stav-uctu-nula\/","headline":"Stav \u00fa\u010dtu nula","url":"https:\/\/www.harcov.cz\/stav-uctu-nula\/","datePublished":"2019-11-04","dateModified":"2023-05-05","mainEntityOfPage":"https:\/\/www.harcov.cz\/stav-uctu-nula\/","author":{"@type":"Person","@id":"https:\/\/www.harcov.cz\/author\/#Person","name":"harcov.cz\n","url":"https:\/\/www.harcov.cz\/author\/","identifier":1,"image":{"@type":"ImageObject","@id":"https:\/\/secure.gravatar.com\/avatar\/64d58fab86512053c8bb518a6563e7284bb4a3422dc9af0106c3f39575364c7b?s=96&d=mm&r=g","url":"https:\/\/secure.gravatar.com\/avatar\/64d58fab86512053c8bb518a6563e7284bb4a3422dc9af0106c3f39575364c7b?s=96&d=mm&r=g","height":96,"width":96}},"publisher":{"@type":"Organization","name":"harcov.cz","logo":{"@type":"ImageObject","@id":"\/logo.png","url":"\/logo.png","width":600,"height":60}},"image":{"@type":"ImageObject","@id":"https:\/\/www.harcov.cz\/wp-content\/uploads\/img_a369701_w2223_t1581785210.png","url":"https:\/\/www.harcov.cz\/wp-content\/uploads\/img_a369701_w2223_t1581785210.png","height":0,"width":0},"keywords":null},{"@type":"Article","@id":"https:\/\/www.harcov.cz\/pujcka-zachrani-leccos\/","headline":"P\u016fj\u010dka zachr\u00e1n\u00ed leccos","url":"https:\/\/www.harcov.cz\/pujcka-zachrani-leccos\/","datePublished":"2019-09-15","dateModified":"2019-09-15","mainEntityOfPage":"https:\/\/www.harcov.cz\/pujcka-zachrani-leccos\/","author":{"@type":"Person","@id":"https:\/\/www.harcov.cz\/author\/#Person","name":"harcov.cz\n","url":"https:\/\/www.harcov.cz\/author\/","identifier":1,"image":{"@type":"ImageObject","@id":"https:\/\/secure.gravatar.com\/avatar\/64d58fab86512053c8bb518a6563e7284bb4a3422dc9af0106c3f39575364c7b?s=96&d=mm&r=g","url":"https:\/\/secure.gravatar.com\/avatar\/64d58fab86512053c8bb518a6563e7284bb4a3422dc9af0106c3f39575364c7b?s=96&d=mm&r=g","height":96,"width":96}},"publisher":{"@type":"Organization","name":"harcov.cz","logo":{"@type":"ImageObject","@id":"\/logo.png","url":"\/logo.png","width":600,"height":60}},"image":{"@type":"ImageObject","@id":"https:\/\/www.harcov.cz\/wp-content\/uploads\/img_a352404_w1778_t1566977730.jpg","url":"https:\/\/www.harcov.cz\/wp-content\/uploads\/img_a352404_w1778_t1566977730.jpg","height":0,"width":0},"keywords":null},{"@type":"Article","@id":"https:\/\/www.harcov.cz\/za-nebankovni-hypoteku-muzete-rucit-libovolnou-nemovitosti\/","headline":"Za nebankovn\u00ed hypot\u00e9ku m\u016f\u017eete ru\u010dit libovolnou nemovitost\u00ed","url":"https:\/\/www.harcov.cz\/za-nebankovni-hypoteku-muzete-rucit-libovolnou-nemovitosti\/","datePublished":"2019-06-04","dateModified":"2023-05-05","mainEntityOfPage":"https:\/\/www.harcov.cz\/za-nebankovni-hypoteku-muzete-rucit-libovolnou-nemovitosti\/","author":{"@type":"Person","@id":"https:\/\/www.harcov.cz\/author\/#Person","name":"harcov.cz\n","url":"https:\/\/www.harcov.cz\/author\/","identifier":1,"image":{"@type":"ImageObject","@id":"https:\/\/secure.gravatar.com\/avatar\/64d58fab86512053c8bb518a6563e7284bb4a3422dc9af0106c3f39575364c7b?s=96&d=mm&r=g","url":"https:\/\/secure.gravatar.com\/avatar\/64d58fab86512053c8bb518a6563e7284bb4a3422dc9af0106c3f39575364c7b?s=96&d=mm&r=g","height":96,"width":96}},"publisher":{"@type":"Organization","name":"harcov.cz","logo":{"@type":"ImageObject","@id":"\/logo.png","url":"\/logo.png","width":600,"height":60}},"image":{"@type":"ImageObject","@id":"https:\/\/www.harcov.cz\/wp-content\/uploads\/img_a360668_w2223_t1574243831.jpg","url":"https:\/\/www.harcov.cz\/wp-content\/uploads\/img_a360668_w2223_t1574243831.jpg","height":0,"width":0},"keywords":null},{"@type":"Article","@id":"https:\/\/www.harcov.cz\/tezba-s-asic-minerem-neni-slozita\/","headline":"T\u011b\u017eba s asic minerem nen\u00ed slo\u017eit\u00e1","url":"https:\/\/www.harcov.cz\/tezba-s-asic-minerem-neni-slozita\/","datePublished":"2018-05-27","dateModified":"2023-05-05","mainEntityOfPage":"https:\/\/www.harcov.cz\/tezba-s-asic-minerem-neni-slozita\/","author":{"@type":"Person","@id":"https:\/\/www.harcov.cz\/author\/#Person","name":"harcov.cz\n","url":"https:\/\/www.harcov.cz\/author\/","identifier":1,"image":{"@type":"ImageObject","@id":"https:\/\/secure.gravatar.com\/avatar\/64d58fab86512053c8bb518a6563e7284bb4a3422dc9af0106c3f39575364c7b?s=96&d=mm&r=g","url":"https:\/\/secure.gravatar.com\/avatar\/64d58fab86512053c8bb518a6563e7284bb4a3422dc9af0106c3f39575364c7b?s=96&d=mm&r=g","height":96,"width":96}},"publisher":{"@type":"Organization","name":"harcov.cz","logo":{"@type":"ImageObject","@id":"\/logo.png","url":"\/logo.png","width":600,"height":60}},"image":{"@type":"ImageObject","@id":"https:\/\/www.harcov.cz\/wp-content\/uploads\/img_a317891_w2223_t1528703652.png","url":"https:\/\/www.harcov.cz\/wp-content\/uploads\/img_a317891_w2223_t1528703652.png","height":0,"width":0},"keywords":null},{"@type":"Article","@id":"https:\/\/www.harcov.cz\/dulezite-je-mit-vlastni-usudek\/","headline":"D\u016fle\u017eit\u00e9 je m\u00edt vlastn\u00ed \u00fasudek","url":"https:\/\/www.harcov.cz\/dulezite-je-mit-vlastni-usudek\/","datePublished":"2017-01-10","dateModified":"2023-05-05","mainEntityOfPage":"https:\/\/www.harcov.cz\/dulezite-je-mit-vlastni-usudek\/","author":{"@type":"Person","@id":"https:\/\/www.harcov.cz\/author\/#Person","name":"harcov.cz\n","url":"https:\/\/www.harcov.cz\/author\/","identifier":1,"image":{"@type":"ImageObject","@id":"https:\/\/secure.gravatar.com\/avatar\/64d58fab86512053c8bb518a6563e7284bb4a3422dc9af0106c3f39575364c7b?s=96&d=mm&r=g","url":"https:\/\/secure.gravatar.com\/avatar\/64d58fab86512053c8bb518a6563e7284bb4a3422dc9af0106c3f39575364c7b?s=96&d=mm&r=g","height":96,"width":96}},"publisher":{"@type":"Organization","name":"harcov.cz","logo":{"@type":"ImageObject","@id":"\/logo.png","url":"\/logo.png","width":600,"height":60}},"image":{"@type":"ImageObject","@id":"https:\/\/www.harcov.cz\/wp-content\/uploads\/img_a282251_w2223_t1601965235.jpg","url":"https:\/\/www.harcov.cz\/wp-content\/uploads\/img_a282251_w2223_t1601965235.jpg","height":0,"width":0},"keywords":null}]}