[{"@context":"https:\/\/schema.org\/","@type":"Blog","@id":"https:\/\/www.harcov.cz#Blog","headline":"Harcov","description":"\nNebav\u00ed v\u00e1s um\u00eds\u0165ovat va\u0161i reklamu n\u011bkam, kde si j\u00ed n\u011bkdo v\u0161imne jen v\u00fdjime\u010dn\u011b a nezareaguje ani \u017eiv\u00e1 du\u0161e? Pak m\u00e1me \u0159e\u0161en\u00ed. A t\u00edm je n\u00e1\u0161 web.","url":"https:\/\/www.harcov.cz","hasPart":[{"@type":"Article","@id":"https:\/\/www.harcov.cz\/dulezite-je-mit-vlastni-usudek\/","headline":"D\u016fle\u017eit\u00e9 je m\u00edt vlastn\u00ed \u00fasudek","url":"https:\/\/www.harcov.cz\/dulezite-je-mit-vlastni-usudek\/","datePublished":"2017-01-10","dateModified":"2023-05-05","mainEntityOfPage":"https:\/\/www.harcov.cz\/dulezite-je-mit-vlastni-usudek\/","author":{"@type":"Person","@id":"https:\/\/www.harcov.cz\/author\/#Person","name":"harcov.cz\n","url":"https:\/\/www.harcov.cz\/author\/","identifier":1,"image":{"@type":"ImageObject","@id":"https:\/\/secure.gravatar.com\/avatar\/64d58fab86512053c8bb518a6563e7284bb4a3422dc9af0106c3f39575364c7b?s=96&d=mm&r=g","url":"https:\/\/secure.gravatar.com\/avatar\/64d58fab86512053c8bb518a6563e7284bb4a3422dc9af0106c3f39575364c7b?s=96&d=mm&r=g","height":96,"width":96}},"publisher":{"@type":"Organization","name":"harcov.cz","logo":{"@type":"ImageObject","@id":"\/logo.png","url":"\/logo.png","width":600,"height":60}},"image":{"@type":"ImageObject","@id":"https:\/\/www.harcov.cz\/wp-content\/uploads\/img_a282251_w2223_t1601965235.jpg","url":"https:\/\/www.harcov.cz\/wp-content\/uploads\/img_a282251_w2223_t1601965235.jpg","height":0,"width":0},"wordCount":608,"keywords":null}]},{"@context":"https:\/\/schema.org","@type":"WebSite","@id":"https:\/\/www.harcov.cz\/#website","name":"Harcov","url":"https:\/\/www.harcov.cz","potentialAction":{"@type":"SearchAction","target":"https:\/\/www.harcov.cz\/?s={search_term_string}","query-input":"required name=search_term_string"}}]