[{"@context":"https:\/\/schema.org\/","@type":"Article","@id":"https:\/\/www.harcov.cz\/navstivte-penzion-beskydy\/#Article","mainEntityOfPage":"https:\/\/www.harcov.cz\/navstivte-penzion-beskydy\/","headline":"Nav\u0161tivte penzion Beskydy","name":"Nav\u0161tivte penzion Beskydy","description":"Pokud si chcete ud\u011blat p\u011bkn\u00fd v\u00fdlet a l\u00e1k\u00e1 v\u00e1s horsk\u00e1 turistika, m\u011bli byste ud\u011blat to, \u017ee si zarezervujete pobyt v rodinn\u00e9m penzionu Beskydy. Je dost mo\u017en\u00e9, \u017ee si to zde zamilujete tak, jako jin\u00ed n\u00e1v\u0161t\u011bvn\u00edci a budete r\u00e1di, kdy\u017e se zde budete moct jednou za \u010das vr\u00e1tit. Najdou se tac\u00ed, kte\u0159\u00ed zde dokonce jezd\u00ed ka\u017ed\u00fd  ...","datePublished":"2025-06-05","dateModified":"2025-06-05","author":{"@type":"Person","@id":"https:\/\/www.harcov.cz\/author\/#Person","name":"harcov.cz\n","url":"https:\/\/www.harcov.cz\/author\/","identifier":1,"image":{"@type":"ImageObject","@id":"https:\/\/secure.gravatar.com\/avatar\/64d58fab86512053c8bb518a6563e7284bb4a3422dc9af0106c3f39575364c7b?s=96&d=mm&r=g","url":"https:\/\/secure.gravatar.com\/avatar\/64d58fab86512053c8bb518a6563e7284bb4a3422dc9af0106c3f39575364c7b?s=96&d=mm&r=g","height":96,"width":96}},"publisher":{"@type":"Organization","name":"harcov.cz","logo":{"@type":"ImageObject","@id":"\/logo.png","url":"\/logo.png","width":600,"height":60}},"image":{"@type":"ImageObject","@id":"https:\/\/www.harcov.cz\/wp-content\/uploads\/bedroom-5772286_640_10_10.jpg","url":"https:\/\/www.harcov.cz\/wp-content\/uploads\/bedroom-5772286_640_10_10.jpg","height":0,"width":0},"url":"https:\/\/www.harcov.cz\/navstivte-penzion-beskydy\/","about":["Business"],"wordCount":424,"articleBody":"        Pokud si chcete ud\u011blat p\u011bkn\u00fd v\u00fdlet a l\u00e1k\u00e1 v\u00e1s horsk\u00e1 turistika, m\u011bli byste ud\u011blat to, \u017ee si zarezervujete pobyt v rodinn\u00e9m penzionu Beskydy. Je dost mo\u017en\u00e9, \u017ee si to zde zamilujete tak, jako jin\u00ed n\u00e1v\u0161t\u011bvn\u00edci a budete r\u00e1di, kdy\u017e se zde budete moct jednou za \u010das vr\u00e1tit. Najdou se tac\u00ed, kte\u0159\u00ed zde dokonce jezd\u00ed ka\u017ed\u00fd rok a to proto, \u017ee v dan\u00e9m penzionu byli se slu\u017ebami velice spokojeni. Rozhodn\u011b nev\u00e1hejte a pokud chcete zm\u011bnu, zkuste i vy rodinn\u00fd penzion, kde se o v\u00e1s postaraj\u00ed a kde se nemus\u00edte ni\u010deho ob\u00e1vat. Je mnoho lid\u00ed, kte\u0159\u00ed maj\u00ed velice r\u00e1di turistiku. Pokud i vy k t\u011bmto lidem pat\u0159\u00edte a v Beskydech jste je\u0161t\u011b nikdy nebyli, m\u011bli byste ud\u011blat to, \u017ee zav\u00edt\u00e1te do rodinn\u00e9ho penzionu, kde ur\u010dit\u011b budete spokojeni i vy. Zejm\u00e9na rodinn\u00e9 penziony b\u00fdvaj\u00ed velice p\u0159\u00edjemn\u00fdm m\u00edstem, a to zejm\u00e9na kv\u016fli atmosf\u00e9\u0159e. Ur\u010dit\u011b se toho nebojte. Pokud by m\u011bl \u010dlov\u011bk n\u011bco ud\u011blat, pak je to pod\u00edvat se na voln\u00e9 term\u00edny. Je mo\u017en\u00e9, \u017ee zde najdete voln\u00fd term\u00edn v dob\u011b, kdy se v\u00e1m to hod\u00ed, a tak se rozhodnete str\u00e1vit svou dovolenou pr\u00e1v\u011b zde. Ud\u011blejte si i vy radost a ubytujte se v penzionu, kde je to opravdu kr\u00e1sn\u00e9 a kde se budete c\u00edtit dob\u0159e. Mnoho lid\u00ed m\u00e1 strach, kdy\u017e maj\u00ed vyzkou\u0161et n\u011bco nov\u00e9ho. Nebojte se toho a nav\u0161tivte m\u00edsto, kde jste je\u0161t\u011b nikdy nebyli. Je mo\u017en\u00e9, \u017ee na konec budete velice spokojeni. \u010clov\u011bk nikdy nev\u00ed, kdy jej n\u011bco p\u0159ekvap\u00ed natolik, \u017ee se bude opravdu r\u00e1d vracet. Dan\u00fd penzion nab\u00edz\u00ed hned n\u011bkolik pokoj\u016f, tak\u017ee se nebojte toho, \u017ee by se pro v\u00e1s nena\u0161lo m\u00edsto. Ur\u010dit\u011b se n\u011bco vhodn\u00e9ho najde. V\u017edy je na \u010dlov\u011bku, jak se rozhodne. Ur\u010dit\u011b byste ale m\u011bli vyu\u017e\u00edt nab\u00eddky, kter\u00e1 zde je, proto\u017ee m\u016f\u017eete m\u00edt zase nov\u00e9 z\u00e1\u017eitky, co\u017e nen\u00ed na \u0161kodu. \u010c\u00edm v\u00edce z\u00e1\u017eitk\u016f \u010dlov\u011bk m\u00e1, t\u00edm rozhodn\u011b l\u00e9pe. Vyrazte i vy tam, kde jste je\u0161t\u011b nikdy nebyli. Je dost mo\u017en\u00e9, \u017ee zjist\u00edte, \u017ee objevovat nov\u00e9 v\u011bci a tak\u00e9 m\u00edsta m\u00e1 st\u00e1le smysl.                                                                                                                                                                                                                                                                                                                                                                                          4.7\/5 - (6 votes)        "},{"@context":"https:\/\/schema.org\/","@type":"BreadcrumbList","itemListElement":[{"@type":"ListItem","position":1,"name":"Nav\u0161tivte penzion Beskydy","item":"https:\/\/www.harcov.cz\/navstivte-penzion-beskydy\/#breadcrumbitem"}]}]