[{"@context":"https:\/\/schema.org\/","@type":"Blog","@id":"https:\/\/www.harcov.cz#Blog","headline":"Harcov","description":"\nNebav\u00ed v\u00e1s um\u00eds\u0165ovat va\u0161i reklamu n\u011bkam, kde si j\u00ed n\u011bkdo v\u0161imne jen v\u00fdjime\u010dn\u011b a nezareaguje ani \u017eiv\u00e1 du\u0161e? Pak m\u00e1me \u0159e\u0161en\u00ed. A t\u00edm je n\u00e1\u0161 web.","url":"https:\/\/www.harcov.cz","hasPart":[{"@type":"Article","@id":"https:\/\/www.harcov.cz\/caj-na-zanet-mocovych-cest-jako-prirozena-podpora\/","headline":"\u010caj na z\u00e1n\u011bt mo\u010dov\u00fdch cest jako p\u0159irozen\u00e1 podpora","url":"https:\/\/www.harcov.cz\/caj-na-zanet-mocovych-cest-jako-prirozena-podpora\/","datePublished":"2026-01-12","dateModified":"2026-01-12","mainEntityOfPage":"https:\/\/www.harcov.cz\/caj-na-zanet-mocovych-cest-jako-prirozena-podpora\/","author":{"@type":"Person","@id":"https:\/\/www.harcov.cz\/author\/#Person","name":"harcov.cz\n","url":"https:\/\/www.harcov.cz\/author\/","identifier":1,"image":{"@type":"ImageObject","@id":"https:\/\/secure.gravatar.com\/avatar\/64d58fab86512053c8bb518a6563e7284bb4a3422dc9af0106c3f39575364c7b?s=96&d=mm&r=g","url":"https:\/\/secure.gravatar.com\/avatar\/64d58fab86512053c8bb518a6563e7284bb4a3422dc9af0106c3f39575364c7b?s=96&d=mm&r=g","height":96,"width":96}},"publisher":{"@type":"Organization","name":"harcov.cz","logo":{"@type":"ImageObject","@id":"\/logo.png","url":"\/logo.png","width":600,"height":60}},"image":{"@type":"ImageObject","@id":"https:\/\/www.harcov.cz\/wp-content\/uploads\/pexels-tea-1869721_1920.jpg","url":"https:\/\/www.harcov.cz\/wp-content\/uploads\/pexels-tea-1869721_1920.jpg","height":0,"width":0},"wordCount":631,"keywords":null},{"@type":"Article","@id":"https:\/\/www.harcov.cz\/efektivni-pomoc-pro-firmy\/","headline":"Efektivn\u00ed pomoc pro firmy","url":"https:\/\/www.harcov.cz\/efektivni-pomoc-pro-firmy\/","datePublished":"2026-01-06","dateModified":"2026-01-06","mainEntityOfPage":"https:\/\/www.harcov.cz\/efektivni-pomoc-pro-firmy\/","author":{"@type":"Person","@id":"https:\/\/www.harcov.cz\/author\/#Person","name":"harcov.cz\n","url":"https:\/\/www.harcov.cz\/author\/","identifier":1,"image":{"@type":"ImageObject","@id":"https:\/\/secure.gravatar.com\/avatar\/64d58fab86512053c8bb518a6563e7284bb4a3422dc9af0106c3f39575364c7b?s=96&d=mm&r=g","url":"https:\/\/secure.gravatar.com\/avatar\/64d58fab86512053c8bb518a6563e7284bb4a3422dc9af0106c3f39575364c7b?s=96&d=mm&r=g","height":96,"width":96}},"publisher":{"@type":"Organization","name":"harcov.cz","logo":{"@type":"ImageObject","@id":"\/logo.png","url":"\/logo.png","width":600,"height":60}},"image":{"@type":"ImageObject","@id":"https:\/\/www.harcov.cz\/wp-content\/uploads\/computer-1172409_1920.jpg","url":"https:\/\/www.harcov.cz\/wp-content\/uploads\/computer-1172409_1920.jpg","height":0,"width":0},"wordCount":657,"keywords":null},{"@type":"Article","@id":"https:\/\/www.harcov.cz\/urychleni-prace\/","headline":"Urychlen\u00ed pr\u00e1ce","url":"https:\/\/www.harcov.cz\/urychleni-prace\/","datePublished":"2026-01-06","dateModified":"2026-01-06","mainEntityOfPage":"https:\/\/www.harcov.cz\/urychleni-prace\/","author":{"@type":"Person","@id":"https:\/\/www.harcov.cz\/author\/#Person","name":"harcov.cz\n","url":"https:\/\/www.harcov.cz\/author\/","identifier":1,"image":{"@type":"ImageObject","@id":"https:\/\/secure.gravatar.com\/avatar\/64d58fab86512053c8bb518a6563e7284bb4a3422dc9af0106c3f39575364c7b?s=96&d=mm&r=g","url":"https:\/\/secure.gravatar.com\/avatar\/64d58fab86512053c8bb518a6563e7284bb4a3422dc9af0106c3f39575364c7b?s=96&d=mm&r=g","height":96,"width":96}},"publisher":{"@type":"Organization","name":"harcov.cz","logo":{"@type":"ImageObject","@id":"\/logo.png","url":"\/logo.png","width":600,"height":60}},"image":{"@type":"ImageObject","@id":"https:\/\/www.harcov.cz\/wp-content\/uploads\/pexels-pixabay-270366.jpg","url":"https:\/\/www.harcov.cz\/wp-content\/uploads\/pexels-pixabay-270366.jpg","height":0,"width":0},"wordCount":592,"keywords":null},{"@type":"Article","@id":"https:\/\/www.harcov.cz\/vymena-garazovych-vrat-v-radovych-domech\/","headline":"V\u00fdm\u011bna gar\u00e1\u017eov\u00fdch vrat v \u0159adov\u00fdch domech","url":"https:\/\/www.harcov.cz\/vymena-garazovych-vrat-v-radovych-domech\/","datePublished":"2025-10-17","dateModified":"2025-10-17","mainEntityOfPage":"https:\/\/www.harcov.cz\/vymena-garazovych-vrat-v-radovych-domech\/","author":{"@type":"Person","@id":"https:\/\/www.harcov.cz\/author\/#Person","name":"harcov.cz\n","url":"https:\/\/www.harcov.cz\/author\/","identifier":1,"image":{"@type":"ImageObject","@id":"https:\/\/secure.gravatar.com\/avatar\/64d58fab86512053c8bb518a6563e7284bb4a3422dc9af0106c3f39575364c7b?s=96&d=mm&r=g","url":"https:\/\/secure.gravatar.com\/avatar\/64d58fab86512053c8bb518a6563e7284bb4a3422dc9af0106c3f39575364c7b?s=96&d=mm&r=g","height":96,"width":96}},"publisher":{"@type":"Organization","name":"harcov.cz","logo":{"@type":"ImageObject","@id":"\/logo.png","url":"\/logo.png","width":600,"height":60}},"image":{"@type":"ImageObject","@id":"https:\/\/www.harcov.cz\/wp-content\/uploads\/gate-49612_640_10_9.jpg","url":"https:\/\/www.harcov.cz\/wp-content\/uploads\/gate-49612_640_10_9.jpg","height":0,"width":0},"wordCount":661,"keywords":null},{"@type":"Article","@id":"https:\/\/www.harcov.cz\/good-concert\/","headline":"Good concert","url":"https:\/\/www.harcov.cz\/good-concert\/","datePublished":"2025-10-17","dateModified":"2025-10-17","mainEntityOfPage":"https:\/\/www.harcov.cz\/good-concert\/","author":{"@type":"Person","@id":"https:\/\/www.harcov.cz\/author\/#Person","name":"harcov.cz\n","url":"https:\/\/www.harcov.cz\/author\/","identifier":1,"image":{"@type":"ImageObject","@id":"https:\/\/secure.gravatar.com\/avatar\/64d58fab86512053c8bb518a6563e7284bb4a3422dc9af0106c3f39575364c7b?s=96&d=mm&r=g","url":"https:\/\/secure.gravatar.com\/avatar\/64d58fab86512053c8bb518a6563e7284bb4a3422dc9af0106c3f39575364c7b?s=96&d=mm&r=g","height":96,"width":96}},"publisher":{"@type":"Organization","name":"harcov.cz","logo":{"@type":"ImageObject","@id":"\/logo.png","url":"\/logo.png","width":600,"height":60}},"image":{"@type":"ImageObject","@id":"https:\/\/www.harcov.cz\/wp-content\/uploads\/woman-5804876_640.jpg","url":"https:\/\/www.harcov.cz\/wp-content\/uploads\/woman-5804876_640.jpg","height":0,"width":0},"wordCount":525,"keywords":null},{"@type":"Article","@id":"https:\/\/www.harcov.cz\/najdete-ty-prave-saty-na-svatbu\/","headline":"Najd\u011bte ty prav\u00e9 \u0161aty na svatbu","url":"https:\/\/www.harcov.cz\/najdete-ty-prave-saty-na-svatbu\/","datePublished":"2025-09-02","dateModified":"2025-09-02","mainEntityOfPage":"https:\/\/www.harcov.cz\/najdete-ty-prave-saty-na-svatbu\/","author":{"@type":"Person","@id":"https:\/\/www.harcov.cz\/author\/#Person","name":"harcov.cz\n","url":"https:\/\/www.harcov.cz\/author\/","identifier":1,"image":{"@type":"ImageObject","@id":"https:\/\/secure.gravatar.com\/avatar\/64d58fab86512053c8bb518a6563e7284bb4a3422dc9af0106c3f39575364c7b?s=96&d=mm&r=g","url":"https:\/\/secure.gravatar.com\/avatar\/64d58fab86512053c8bb518a6563e7284bb4a3422dc9af0106c3f39575364c7b?s=96&d=mm&r=g","height":96,"width":96}},"publisher":{"@type":"Organization","name":"harcov.cz","logo":{"@type":"ImageObject","@id":"\/logo.png","url":"\/logo.png","width":600,"height":60}},"image":{"@type":"ImageObject","@id":"https:\/\/www.harcov.cz\/wp-content\/uploads\/wedding-3508318_640_2.jpg","url":"https:\/\/www.harcov.cz\/wp-content\/uploads\/wedding-3508318_640_2.jpg","height":0,"width":0},"wordCount":579,"keywords":null},{"@type":"Article","@id":"https:\/\/www.harcov.cz\/shanime-neco-na-baleni\/","headline":"Sh\u00e1n\u00edme n\u011bco na balen\u00ed","url":"https:\/\/www.harcov.cz\/shanime-neco-na-baleni\/","datePublished":"2025-08-11","dateModified":"2025-08-11","mainEntityOfPage":"https:\/\/www.harcov.cz\/shanime-neco-na-baleni\/","author":{"@type":"Person","@id":"https:\/\/www.harcov.cz\/author\/#Person","name":"harcov.cz\n","url":"https:\/\/www.harcov.cz\/author\/","identifier":1,"image":{"@type":"ImageObject","@id":"https:\/\/secure.gravatar.com\/avatar\/64d58fab86512053c8bb518a6563e7284bb4a3422dc9af0106c3f39575364c7b?s=96&d=mm&r=g","url":"https:\/\/secure.gravatar.com\/avatar\/64d58fab86512053c8bb518a6563e7284bb4a3422dc9af0106c3f39575364c7b?s=96&d=mm&r=g","height":96,"width":96}},"publisher":{"@type":"Organization","name":"harcov.cz","logo":{"@type":"ImageObject","@id":"\/logo.png","url":"\/logo.png","width":600,"height":60}},"image":{"@type":"ImageObject","@id":"https:\/\/www.harcov.cz\/wp-content\/uploads\/graphic-4126304_640_1.png","url":"https:\/\/www.harcov.cz\/wp-content\/uploads\/graphic-4126304_640_1.png","height":0,"width":0},"wordCount":631,"keywords":null},{"@type":"Article","@id":"https:\/\/www.harcov.cz\/co-vam-prinesou-nova-plastova-okna-v-dekoru-dreva\/","headline":"Co v\u00e1m p\u0159inesou nov\u00e1 plastov\u00e1 okna v dekoru d\u0159eva","url":"https:\/\/www.harcov.cz\/co-vam-prinesou-nova-plastova-okna-v-dekoru-dreva\/","datePublished":"2025-08-01","dateModified":"2025-08-01","mainEntityOfPage":"https:\/\/www.harcov.cz\/co-vam-prinesou-nova-plastova-okna-v-dekoru-dreva\/","author":{"@type":"Person","@id":"https:\/\/www.harcov.cz\/author\/#Person","name":"harcov.cz\n","url":"https:\/\/www.harcov.cz\/author\/","identifier":1,"image":{"@type":"ImageObject","@id":"https:\/\/secure.gravatar.com\/avatar\/64d58fab86512053c8bb518a6563e7284bb4a3422dc9af0106c3f39575364c7b?s=96&d=mm&r=g","url":"https:\/\/secure.gravatar.com\/avatar\/64d58fab86512053c8bb518a6563e7284bb4a3422dc9af0106c3f39575364c7b?s=96&d=mm&r=g","height":96,"width":96}},"publisher":{"@type":"Organization","name":"harcov.cz","logo":{"@type":"ImageObject","@id":"\/logo.png","url":"\/logo.png","width":600,"height":60}},"image":{"@type":"ImageObject","@id":"https:\/\/www.harcov.cz\/wp-content\/uploads\/home-design-4167985_640_1.jpg","url":"https:\/\/www.harcov.cz\/wp-content\/uploads\/home-design-4167985_640_1.jpg","height":0,"width":0},"wordCount":534,"keywords":null},{"@type":"Article","@id":"https:\/\/www.harcov.cz\/kava-kava-neni-potravina\/","headline":"Kava Kava nen\u00ed potravina","url":"https:\/\/www.harcov.cz\/kava-kava-neni-potravina\/","datePublished":"2025-07-01","dateModified":"2025-07-01","mainEntityOfPage":"https:\/\/www.harcov.cz\/kava-kava-neni-potravina\/","author":{"@type":"Person","@id":"https:\/\/www.harcov.cz\/author\/#Person","name":"harcov.cz\n","url":"https:\/\/www.harcov.cz\/author\/","identifier":1,"image":{"@type":"ImageObject","@id":"https:\/\/secure.gravatar.com\/avatar\/64d58fab86512053c8bb518a6563e7284bb4a3422dc9af0106c3f39575364c7b?s=96&d=mm&r=g","url":"https:\/\/secure.gravatar.com\/avatar\/64d58fab86512053c8bb518a6563e7284bb4a3422dc9af0106c3f39575364c7b?s=96&d=mm&r=g","height":96,"width":96}},"publisher":{"@type":"Organization","name":"harcov.cz","logo":{"@type":"ImageObject","@id":"\/logo.png","url":"\/logo.png","width":600,"height":60}},"image":{"@type":"ImageObject","@id":"https:\/\/www.harcov.cz\/wp-content\/uploads\/kkkkkk_10_10_10_2.jpg","url":"https:\/\/www.harcov.cz\/wp-content\/uploads\/kkkkkk_10_10_10_2.jpg","height":0,"width":0},"wordCount":631,"keywords":null},{"@type":"Article","@id":"https:\/\/www.harcov.cz\/navstivte-penzion-beskydy\/","headline":"Nav\u0161tivte penzion Beskydy","url":"https:\/\/www.harcov.cz\/navstivte-penzion-beskydy\/","datePublished":"2025-06-05","dateModified":"2025-06-05","mainEntityOfPage":"https:\/\/www.harcov.cz\/navstivte-penzion-beskydy\/","author":{"@type":"Person","@id":"https:\/\/www.harcov.cz\/author\/#Person","name":"harcov.cz\n","url":"https:\/\/www.harcov.cz\/author\/","identifier":1,"image":{"@type":"ImageObject","@id":"https:\/\/secure.gravatar.com\/avatar\/64d58fab86512053c8bb518a6563e7284bb4a3422dc9af0106c3f39575364c7b?s=96&d=mm&r=g","url":"https:\/\/secure.gravatar.com\/avatar\/64d58fab86512053c8bb518a6563e7284bb4a3422dc9af0106c3f39575364c7b?s=96&d=mm&r=g","height":96,"width":96}},"publisher":{"@type":"Organization","name":"harcov.cz","logo":{"@type":"ImageObject","@id":"\/logo.png","url":"\/logo.png","width":600,"height":60}},"image":{"@type":"ImageObject","@id":"https:\/\/www.harcov.cz\/wp-content\/uploads\/bedroom-5772286_640_10_10.jpg","url":"https:\/\/www.harcov.cz\/wp-content\/uploads\/bedroom-5772286_640_10_10.jpg","height":0,"width":0},"wordCount":580,"keywords":null}]},{"@context":"https:\/\/schema.org","@type":"WebSite","@id":"https:\/\/www.harcov.cz\/#website","name":"Harcov","url":"https:\/\/www.harcov.cz","potentialAction":{"@type":"SearchAction","target":"https:\/\/www.harcov.cz\/?s={search_term_string}","query-input":"required name=search_term_string"}}]